{"id":16055,"date":"2025-01-25T18:56:12","date_gmt":"2025-01-25T17:56:12","guid":{"rendered":"https:\/\/www.crispianonline.com\/wp\/?p=16055"},"modified":"2025-01-25T18:56:15","modified_gmt":"2025-01-25T17:56:15","slug":"giorno-della-memoria-3","status":"publish","type":"post","link":"https:\/\/www.crispianonline.com\/wp\/2025\/01\/giorno-della-memoria-3\/","title":{"rendered":"\u00a0Giorno della Memoria"},"content":{"rendered":"\n<p><strong><em>Sulle tracce degli IMI \u2013 Internati Militari Italiani<\/em><\/strong><\/p>\n\n\n\n<p><strong><em>Importante iniziativa del Dipartimento di Lettere dell\u2019Istituto comprensivo Severi-Mancini<\/em><\/strong><\/p>\n\n\n\n<p>Il 27 Gennaio di ogni anno si celebra il <strong>Giorno della Memoria<\/strong> per ricordare la Shoah e i milioni di vittime che produsse. La data \u00e8 altamente simbolica perch\u00e9 il 27 Gennaio del 1945 furono abbattuti i cancelli di Auschwitz. In Italia la celebrazione si tiene dal 2000, anno della\u202fpromulgazione della Legge 211 del 20 luglio, e dal 2005 nel mondo. L\u2019art. 2 della legge 211 stabilisce inoltre che, <em>\u201cIn occasione del Giorno della Memoria sono organizzati cerimonie, iniziative, incontri e momenti comuni di narrazione dei fatti e di riflessione, in modo particolare nelle scuole di ogni ordine e grado, su quanto \u00e8 accaduto al popolo ebraico e ai deportati militari e politici italiani nei campi nazisti in modo da conservare nel futuro dell\u2019Italia la memoria di un tragico ed oscuro periodo della storia nel nostro Paese e in Europa, e affinch\u00e9 simili eventi non possano mai pi\u00f9 accadere\u201d.<\/em><\/p>\n\n\n\n<p>Nel corso degli anni gli istituti scolastici di Crispiano hanno realizzato attivit\u00e0 didattiche, incontri culturali e performance teatrali e musicali per ricordare la Shoah, ovvero allo sterminio e alle persecuzioni del popolo ebraico.&nbsp; Quest\u2019anno l\u2019<strong>Istituto Comprensivo \u201cF. Severi-Mancini\u201d<\/strong> celebra il <strong>Giorno della Memoria<\/strong> con una importante iniziativa promossa dal Dipartimento di Lettere e rivolta agli alunni delle classi terze della scuola secondaria di primo grado, e per le sue finalit\u00e0 storico-culturali accolta con favore dal dirigente scolastico Sabrina Lepraro.<\/p>\n\n\n\n<p>&nbsp;&nbsp;Le docenti Annalisa Carbotti, Livia Carbotti, Monica Piccoli e Daniela Cagnazzo referente dell\u2019iniziativa a cui si deve l\u2019idea della proposta, daranno vita a un <em>workshop<\/em> dedicato alla conoscenza e alla ricostruzione storica attraverso fonti documentarie di deportati militari e politici italiani nei campi di sterminio nazisti.<\/p>\n\n\n\n<p>L\u2019idea del workshop, che vede impegnati alunne e alunni nelle vesti di piccoli ricercatori, nasce dalla volont\u00e0 di dare spazio a una pagina ancora poco nota della storia nazionale e locale sui deportati militari nei campi di lavoro e di prigionia durante la Seconda Guerra mondiale. <em>\u201cIl progetto <\/em>\u2013 spiega la professoressa Cagnazzo &#8211;<em> si auspica di poter registrare i nomi degli <strong>IMI <\/strong>(Internati Militari Italiani)<\/em> <strong><em>di Crispiano<\/em><\/strong><em> e dintorni, al fine di costituire per il futuro un elenco della memoria, con nominativi e storie ricavate dagli archivi delle associazioni reducistiche e statali e da segnalazioni di familiari e studiosi locali. Manca, infatti, ancora oggi una mostra permanente di censimento dei nominativi, la quale possa essere consultata per stimolare e approfondire la ricerca storica locale, ma anche per ampliare la consapevolezza con testimonianze, ricordi e fotografie di quanti furono coinvolti nelle vicende della Seconda guerra mondiale. Infatti, se ormai sono per lo pi\u00f9 precluse le possibilit\u00e0 di raccogliere ulteriori testimonianze orali, pu\u00f2 essere ancora recuperata e valorizzata la ricerca documentaria negli archivi e fra le carte private, le quali costituiscono in senso stretto l\u2019archivio personale, anche in collegamento con l\u2019oggettistica che pu\u00f2 andare ad arricchire la storia materiale sui reduci di guerra.\u201d<\/em><\/p>\n\n\n\n<p>La mattina del<strong> 27 Gennaio 2025<\/strong> dalle ore 10,00 alle ore 11,45 gli alunni delle classi 3^B, 3^D, 3^E, 3^F della scuola secondaria di primo grado saranno dunque impegnati nel workshop articolato in tre momenti: una lezione partecipata tra classi in collegamento Meet, a cura della prof.ssa Cagnazzo, sul concetto di memoria, sulle deportazioni degli IMI&nbsp; e sul ruolo delle fonti materiali, a seguito delle ricerche archivistiche e documentarie svolte dalla docente; una attivit\u00e0 laboratoriale di un case study di un internato militare con analisi delle fonti a disposizione; restituzione collettiva dei prodotti degli studenti e sintesi dell\u2019analisi del questionario su familiari reduci di guerra somministrato nei giorni precedenti alle famiglie degli alunni.<\/p>\n\n\n\n<p>Alla iniziativa che gi\u00e0 si prefigura come attivit\u00e0 di grande interesse per la storia locale e per la comunit\u00e0, e per tale ragione da proseguire negli anni a venire, sar\u00e0 altres\u00ec presente una rappresentanza delle Associazioni Nazionali Bersaglieri, Fanti e Sottufficiali di Crispiano.<\/p>\n\n\n\n<p><em>Per l\u2019I. C. \u201cF. Severi-Mancini<\/em><\/p>\n\n\n\n<p><em>Prof.ssa Gabriella Fumarola<\/em><\/p>\n\n\n\n<p><em>Musicista, Giornalista pubblicista e Critico musicale<\/em><\/p>\n","protected":false},"excerpt":{"rendered":"<p>Sulle tracce degli IMI \u2013 Internati Militari Italiani Importante iniziativa del Dipartimento di Lettere dell\u2019Istituto comprensivo Severi-Mancini Il 27 Gennaio di ogni anno si celebra il Giorno della Memoria per ricordare la Shoah e i milioni di vittime che produsse. La data \u00e8 altamente simbolica perch\u00e9 il 27 Gennaio del 1945 furono abbattuti i cancelli [&hellip;]<\/p>\n","protected":false},"author":2,"featured_media":16050,"comment_status":"closed","ping_status":"closed","sticky":false,"template":"","format":"standard","meta":{"footnotes":""},"categories":[3],"tags":[],"class_list":["post-16055","post","type-post","status-publish","format-standard","has-post-thumbnail","hentry","category-notizie"],"yoast_head":"<!-- This site is optimized with the Yoast SEO plugin v21.5 - https:\/\/yoast.com\/wordpress\/plugins\/seo\/ -->\r\n<title>\u00a0Giorno della Memoria - Crispianonline.com<\/title>\r\n<meta name=\"robots\" content=\"index, follow, max-snippet:-1, max-image-preview:large, max-video-preview:-1\" \/>\r\n<link rel=\"canonical\" href=\"https:\/\/www.crispianonline.com\/wp\/2025\/01\/giorno-della-memoria-3\/\" \/>\r\n<meta property=\"og:locale\" content=\"it_IT\" \/>\r\n<meta property=\"og:type\" content=\"article\" \/>\r\n<meta property=\"og:title\" content=\"\u00a0Giorno della Memoria - Crispianonline.com\" \/>\r\n<meta property=\"og:description\" content=\"Sulle tracce degli IMI \u2013 Internati Militari Italiani Importante iniziativa del Dipartimento di Lettere dell\u2019Istituto comprensivo Severi-Mancini Il 27 Gennaio di ogni anno si celebra il Giorno della Memoria per ricordare la Shoah e i milioni di vittime che produsse. La data \u00e8 altamente simbolica perch\u00e9 il 27 Gennaio del 1945 furono abbattuti i cancelli [&hellip;]\" \/>\r\n<meta property=\"og:url\" content=\"https:\/\/www.crispianonline.com\/wp\/2025\/01\/giorno-della-memoria-3\/\" \/>\r\n<meta property=\"og:site_name\" content=\"Crispianonline.com\" \/>\r\n<meta property=\"article:publisher\" content=\"https:\/\/www.facebook.com\/crispianonline.redazione\" \/>\r\n<meta property=\"article:published_time\" content=\"2025-01-25T17:56:12+00:00\" \/>\r\n<meta property=\"article:modified_time\" content=\"2025-01-25T17:56:15+00:00\" \/>\r\n<meta property=\"og:image\" content=\"https:\/\/www.crispianonline.com\/wp\/wp-content\/uploads\/2025\/01\/GdM-2025_-IMI_20250124_171441_0000.jpg\" \/>\r\n\t<meta property=\"og:image:width\" content=\"1920\" \/>\r\n\t<meta property=\"og:image:height\" content=\"1080\" \/>\r\n\t<meta property=\"og:image:type\" content=\"image\/jpeg\" \/>\r\n<meta name=\"author\" content=\"giovanni\" \/>\r\n<meta name=\"twitter:card\" content=\"summary_large_image\" \/>\r\n<meta name=\"twitter:label1\" content=\"Scritto da\" \/>\n\t<meta name=\"twitter:data1\" content=\"giovanni\" \/>\n\t<meta name=\"twitter:label2\" content=\"Tempo di lettura stimato\" \/>\n\t<meta name=\"twitter:data2\" content=\"3 minuti\" \/>\r\n<script type=\"application\/ld+json\" class=\"yoast-schema-graph\">{\"@context\":\"https:\/\/schema.org\",\"@graph\":[{\"@type\":\"Article\",\"@id\":\"https:\/\/www.crispianonline.com\/wp\/2025\/01\/giorno-della-memoria-3\/#article\",\"isPartOf\":{\"@id\":\"https:\/\/www.crispianonline.com\/wp\/2025\/01\/giorno-della-memoria-3\/\"},\"author\":{\"name\":\"giovanni\",\"@id\":\"https:\/\/www.crispianonline.com\/wp\/#\/schema\/person\/e5b6fa6127769a4dc4e4422923d5f6ee\"},\"headline\":\"\u00a0Giorno della Memoria\",\"datePublished\":\"2025-01-25T17:56:12+00:00\",\"dateModified\":\"2025-01-25T17:56:15+00:00\",\"mainEntityOfPage\":{\"@id\":\"https:\/\/www.crispianonline.com\/wp\/2025\/01\/giorno-della-memoria-3\/\"},\"wordCount\":668,\"publisher\":{\"@id\":\"https:\/\/www.crispianonline.com\/wp\/#organization\"},\"articleSection\":[\"notizie\"],\"inLanguage\":\"it-IT\"},{\"@type\":\"WebPage\",\"@id\":\"https:\/\/www.crispianonline.com\/wp\/2025\/01\/giorno-della-memoria-3\/\",\"url\":\"https:\/\/www.crispianonline.com\/wp\/2025\/01\/giorno-della-memoria-3\/\",\"name\":\"\u00a0Giorno della Memoria - Crispianonline.com\",\"isPartOf\":{\"@id\":\"https:\/\/www.crispianonline.com\/wp\/#website\"},\"datePublished\":\"2025-01-25T17:56:12+00:00\",\"dateModified\":\"2025-01-25T17:56:15+00:00\",\"breadcrumb\":{\"@id\":\"https:\/\/www.crispianonline.com\/wp\/2025\/01\/giorno-della-memoria-3\/#breadcrumb\"},\"inLanguage\":\"it-IT\",\"potentialAction\":[{\"@type\":\"ReadAction\",\"target\":[\"https:\/\/www.crispianonline.com\/wp\/2025\/01\/giorno-della-memoria-3\/\"]}]},{\"@type\":\"BreadcrumbList\",\"@id\":\"https:\/\/www.crispianonline.com\/wp\/2025\/01\/giorno-della-memoria-3\/#breadcrumb\",\"itemListElement\":[{\"@type\":\"ListItem\",\"position\":1,\"name\":\"Home\",\"item\":\"https:\/\/www.crispianonline.com\/wp\/\"},{\"@type\":\"ListItem\",\"position\":2,\"name\":\"\u00a0Giorno della Memoria\"}]},{\"@type\":\"WebSite\",\"@id\":\"https:\/\/www.crispianonline.com\/wp\/#website\",\"url\":\"https:\/\/www.crispianonline.com\/wp\/\",\"name\":\"Crispianonline.com\",\"description\":\"il sito non ufficiale della tua citt\u00e0\",\"publisher\":{\"@id\":\"https:\/\/www.crispianonline.com\/wp\/#organization\"},\"potentialAction\":[{\"@type\":\"SearchAction\",\"target\":{\"@type\":\"EntryPoint\",\"urlTemplate\":\"https:\/\/www.crispianonline.com\/wp\/?s={search_term_string}\"},\"query-input\":\"required name=search_term_string\"}],\"inLanguage\":\"it-IT\"},{\"@type\":\"Organization\",\"@id\":\"https:\/\/www.crispianonline.com\/wp\/#organization\",\"name\":\"crispianonline\",\"url\":\"https:\/\/www.crispianonline.com\/wp\/\",\"logo\":{\"@type\":\"ImageObject\",\"inLanguage\":\"it-IT\",\"@id\":\"https:\/\/www.crispianonline.com\/wp\/#\/schema\/logo\/image\/\",\"url\":\"https:\/\/www.crispianonline.com\/wp\/wp-content\/uploads\/2017\/12\/Crispianonline04-300.40.png\",\"contentUrl\":\"https:\/\/www.crispianonline.com\/wp\/wp-content\/uploads\/2017\/12\/Crispianonline04-300.40.png\",\"width\":300,\"height\":31,\"caption\":\"crispianonline\"},\"image\":{\"@id\":\"https:\/\/www.crispianonline.com\/wp\/#\/schema\/logo\/image\/\"},\"sameAs\":[\"https:\/\/www.facebook.com\/crispianonline.redazione\"]},{\"@type\":\"Person\",\"@id\":\"https:\/\/www.crispianonline.com\/wp\/#\/schema\/person\/e5b6fa6127769a4dc4e4422923d5f6ee\",\"name\":\"giovanni\",\"image\":{\"@type\":\"ImageObject\",\"inLanguage\":\"it-IT\",\"@id\":\"https:\/\/www.crispianonline.com\/wp\/#\/schema\/person\/image\/\",\"url\":\"https:\/\/secure.gravatar.com\/avatar\/bcf6d6dc182ebf89812a382a7896c237bb9090bb4fe33cfdf488c193c0828542?s=96&d=mm&r=g\",\"contentUrl\":\"https:\/\/secure.gravatar.com\/avatar\/bcf6d6dc182ebf89812a382a7896c237bb9090bb4fe33cfdf488c193c0828542?s=96&d=mm&r=g\",\"caption\":\"giovanni\"}}]}<\/script>\r\n<!-- \/ Yoast SEO plugin. -->","yoast_head_json":{"title":"\u00a0Giorno della Memoria - Crispianonline.com","robots":{"index":"index","follow":"follow","max-snippet":"max-snippet:-1","max-image-preview":"max-image-preview:large","max-video-preview":"max-video-preview:-1"},"canonical":"https:\/\/www.crispianonline.com\/wp\/2025\/01\/giorno-della-memoria-3\/","og_locale":"it_IT","og_type":"article","og_title":"\u00a0Giorno della Memoria - Crispianonline.com","og_description":"Sulle tracce degli IMI \u2013 Internati Militari Italiani Importante iniziativa del Dipartimento di Lettere dell\u2019Istituto comprensivo Severi-Mancini Il 27 Gennaio di ogni anno si celebra il Giorno della Memoria per ricordare la Shoah e i milioni di vittime che produsse. La data \u00e8 altamente simbolica perch\u00e9 il 27 Gennaio del 1945 furono abbattuti i cancelli [&hellip;]","og_url":"https:\/\/www.crispianonline.com\/wp\/2025\/01\/giorno-della-memoria-3\/","og_site_name":"Crispianonline.com","article_publisher":"https:\/\/www.facebook.com\/crispianonline.redazione","article_published_time":"2025-01-25T17:56:12+00:00","article_modified_time":"2025-01-25T17:56:15+00:00","og_image":[{"width":1920,"height":1080,"url":"https:\/\/www.crispianonline.com\/wp\/wp-content\/uploads\/2025\/01\/GdM-2025_-IMI_20250124_171441_0000.jpg","type":"image\/jpeg"}],"author":"giovanni","twitter_card":"summary_large_image","twitter_misc":{"Scritto da":"giovanni","Tempo di lettura stimato":"3 minuti"},"schema":{"@context":"https:\/\/schema.org","@graph":[{"@type":"Article","@id":"https:\/\/www.crispianonline.com\/wp\/2025\/01\/giorno-della-memoria-3\/#article","isPartOf":{"@id":"https:\/\/www.crispianonline.com\/wp\/2025\/01\/giorno-della-memoria-3\/"},"author":{"name":"giovanni","@id":"https:\/\/www.crispianonline.com\/wp\/#\/schema\/person\/e5b6fa6127769a4dc4e4422923d5f6ee"},"headline":"\u00a0Giorno della Memoria","datePublished":"2025-01-25T17:56:12+00:00","dateModified":"2025-01-25T17:56:15+00:00","mainEntityOfPage":{"@id":"https:\/\/www.crispianonline.com\/wp\/2025\/01\/giorno-della-memoria-3\/"},"wordCount":668,"publisher":{"@id":"https:\/\/www.crispianonline.com\/wp\/#organization"},"articleSection":["notizie"],"inLanguage":"it-IT"},{"@type":"WebPage","@id":"https:\/\/www.crispianonline.com\/wp\/2025\/01\/giorno-della-memoria-3\/","url":"https:\/\/www.crispianonline.com\/wp\/2025\/01\/giorno-della-memoria-3\/","name":"\u00a0Giorno della Memoria - Crispianonline.com","isPartOf":{"@id":"https:\/\/www.crispianonline.com\/wp\/#website"},"datePublished":"2025-01-25T17:56:12+00:00","dateModified":"2025-01-25T17:56:15+00:00","breadcrumb":{"@id":"https:\/\/www.crispianonline.com\/wp\/2025\/01\/giorno-della-memoria-3\/#breadcrumb"},"inLanguage":"it-IT","potentialAction":[{"@type":"ReadAction","target":["https:\/\/www.crispianonline.com\/wp\/2025\/01\/giorno-della-memoria-3\/"]}]},{"@type":"BreadcrumbList","@id":"https:\/\/www.crispianonline.com\/wp\/2025\/01\/giorno-della-memoria-3\/#breadcrumb","itemListElement":[{"@type":"ListItem","position":1,"name":"Home","item":"https:\/\/www.crispianonline.com\/wp\/"},{"@type":"ListItem","position":2,"name":"\u00a0Giorno della Memoria"}]},{"@type":"WebSite","@id":"https:\/\/www.crispianonline.com\/wp\/#website","url":"https:\/\/www.crispianonline.com\/wp\/","name":"Crispianonline.com","description":"il sito non ufficiale della tua citt\u00e0","publisher":{"@id":"https:\/\/www.crispianonline.com\/wp\/#organization"},"potentialAction":[{"@type":"SearchAction","target":{"@type":"EntryPoint","urlTemplate":"https:\/\/www.crispianonline.com\/wp\/?s={search_term_string}"},"query-input":"required name=search_term_string"}],"inLanguage":"it-IT"},{"@type":"Organization","@id":"https:\/\/www.crispianonline.com\/wp\/#organization","name":"crispianonline","url":"https:\/\/www.crispianonline.com\/wp\/","logo":{"@type":"ImageObject","inLanguage":"it-IT","@id":"https:\/\/www.crispianonline.com\/wp\/#\/schema\/logo\/image\/","url":"https:\/\/www.crispianonline.com\/wp\/wp-content\/uploads\/2017\/12\/Crispianonline04-300.40.png","contentUrl":"https:\/\/www.crispianonline.com\/wp\/wp-content\/uploads\/2017\/12\/Crispianonline04-300.40.png","width":300,"height":31,"caption":"crispianonline"},"image":{"@id":"https:\/\/www.crispianonline.com\/wp\/#\/schema\/logo\/image\/"},"sameAs":["https:\/\/www.facebook.com\/crispianonline.redazione"]},{"@type":"Person","@id":"https:\/\/www.crispianonline.com\/wp\/#\/schema\/person\/e5b6fa6127769a4dc4e4422923d5f6ee","name":"giovanni","image":{"@type":"ImageObject","inLanguage":"it-IT","@id":"https:\/\/www.crispianonline.com\/wp\/#\/schema\/person\/image\/","url":"https:\/\/secure.gravatar.com\/avatar\/bcf6d6dc182ebf89812a382a7896c237bb9090bb4fe33cfdf488c193c0828542?s=96&d=mm&r=g","contentUrl":"https:\/\/secure.gravatar.com\/avatar\/bcf6d6dc182ebf89812a382a7896c237bb9090bb4fe33cfdf488c193c0828542?s=96&d=mm&r=g","caption":"giovanni"}}]}},"_links":{"self":[{"href":"https:\/\/www.crispianonline.com\/wp\/wp-json\/wp\/v2\/posts\/16055","targetHints":{"allow":["GET"]}}],"collection":[{"href":"https:\/\/www.crispianonline.com\/wp\/wp-json\/wp\/v2\/posts"}],"about":[{"href":"https:\/\/www.crispianonline.com\/wp\/wp-json\/wp\/v2\/types\/post"}],"author":[{"embeddable":true,"href":"https:\/\/www.crispianonline.com\/wp\/wp-json\/wp\/v2\/users\/2"}],"replies":[{"embeddable":true,"href":"https:\/\/www.crispianonline.com\/wp\/wp-json\/wp\/v2\/comments?post=16055"}],"version-history":[{"count":1,"href":"https:\/\/www.crispianonline.com\/wp\/wp-json\/wp\/v2\/posts\/16055\/revisions"}],"predecessor-version":[{"id":16056,"href":"https:\/\/www.crispianonline.com\/wp\/wp-json\/wp\/v2\/posts\/16055\/revisions\/16056"}],"wp:featuredmedia":[{"embeddable":true,"href":"https:\/\/www.crispianonline.com\/wp\/wp-json\/wp\/v2\/media\/16050"}],"wp:attachment":[{"href":"https:\/\/www.crispianonline.com\/wp\/wp-json\/wp\/v2\/media?parent=16055"}],"wp:term":[{"taxonomy":"category","embeddable":true,"href":"https:\/\/www.crispianonline.com\/wp\/wp-json\/wp\/v2\/categories?post=16055"},{"taxonomy":"post_tag","embeddable":true,"href":"https:\/\/www.crispianonline.com\/wp\/wp-json\/wp\/v2\/tags?post=16055"}],"curies":[{"name":"wp","href":"https:\/\/api.w.org\/{rel}","templated":true}]}}