{"id":1788,"date":"2013-07-09T15:57:00","date_gmt":"2013-07-09T13:57:00","guid":{"rendered":"http:\/\/www.crispianonline.com\/wp\/?p=1788"},"modified":"2017-12-08T14:26:00","modified_gmt":"2017-12-08T13:26:00","slug":"la-forza-delle-parole-del-papa-e-il-dolore-dei-migranti","status":"publish","type":"post","link":"https:\/\/www.crispianonline.com\/wp\/2013\/07\/la-forza-delle-parole-del-papa-e-il-dolore-dei-migranti\/","title":{"rendered":"La forza delle parole del papa e il dolore dei migranti"},"content":{"rendered":"<p>Papa Francesco, la sua prima visita fuori dalle mura vaticane, ha deciso di farla per andare in mezzo a chi viene da pi\u00f9 lontano di lui. Non dal punto di vista geografico, ma sociale. Ed \u00e8 ci\u00f2 che conta, perch\u00e9 in questa globalizzazione si sono ridotte le distanze chilometriche ma si sono approfondite a dismisura le diseguaglianze sociali. E\u2019 stata una visita \u201cprivata\u201d, per quanto lo pu\u00f2 essere quella di un uomo perennemente sotto i riflettori, comunque sobria ed essenziale.<br \/>\nNessuno dei suoi predecessori lo aveva mai fatto. A nessuno era venuto in mente che Lampedusa \u00e8 il punto di congiunzione o di cesura tra due mondi. Quale delle due cose sia o possa diventare non sta scritto nelle carte geografiche e neppure nei trattati di diritto internazionale. Dipende da chi la abita e dai comportamenti di tutti, quale delle due Lampedusa pu\u00f2 diventare, se bastione della fortezza Europa o prima stazione lungo il cammino della solidariet\u00e0 e dell\u2019inclusione.<br \/>\nLa politica a questo non ha pensato. Anche in questo campo ha dimostrato di essere pi\u00f9 indietro di un\u2019organizzazione millenaria quale la Chiesa. Il papa non ha portato n\u00e9 promesso doni. Ha lanciato in mare una corona di fiori, perch\u00e9 raggiungessero quelle povere ossa spolpate dai sussurri delle onde delle profondit\u00e0 marine. Soprattutto ha parlato e le sue parole resteranno nella memoria. E costituiranno un monito anche per la Chiesa a non tradirle.<br \/>\nHa parlato di \u201cglobalizzazione della indifferenza\u201d. Una quasi rimembranza gramsciana, non possiamo sapere quanto intenzionale. Chi non ricorda l\u2019odio per gli indifferenti proclamato dal grande intellettuale comunista italiano! Ha parlato di chi preferisce le \u201cbolle di sapone\u201d alla vita. Un riferimento ancora pi\u00f9 chiaro alla ingordigia della speculazione, alla crudelt\u00e0 delle bolle finanziarie, alla spietatezza delle conseguenze quando esplodono, che ricadono sempre e soltanto su chi ha meno. Ha elevato un monito contro le elites oligarchiche e tecnocratiche che governano l\u2019Europa e il mondo, insensibili alla ragione della speranza in una vita migliore e persino in una sopravvivenza pi\u00f9 tranquilla, che spinge centinaia di migliaia di persone a sottoporsi a viaggi massacranti e spesso letali, chinando il capo di fronte ai mercanti di carne umana, non trovando o non avendo alternativa alcuna.<br \/>\nHa citato l\u2019antico e il nuovo Testamento in questa breve visita, papa Francesco, ma lo ha fatto scegliendo quei passi nei quali il Dio dei cristiani duramente li interroga sulle sorti dei loro fratelli pi\u00f9 sfortunati, umiliati, sfruttati, dispersi o uccisi. \u201cAdamo dove sei?\u201d, \u201cCaino, dov\u2019\u00e8 tuo fratello?\u201d, domande antiche, forse eterne, che davanti a quel cimitero liquido e ondoso assumono un significato straordinariamente attuale e drammatico. Domande finora senza risposta.<br \/>\nCon la stessa semplicit\u00e0 con cui \u00e8 venuto se ne \u00e8 andato, non prima di avere ringraziato i lampedusani per la loro azione di carit\u00e0 a fronte dell\u2019insensibilit\u00e0 e dell\u2019assenza dello Stato. Vedendo le immagini della sua risalita sull\u2019imbarcazione venivano in mente i celebri versi di un grande poeta ebreo, Paul Celan, che, pur traslandone il significato, ben si adattano in quel punto del nostro Mediterraneo in bilico fra civilt\u00e0 e barbarie: \u201cIl mondo non c\u2019\u00e8 pi\u00f9, io devo portarti\u201d.<\/p>\n<p>Fonte: Vito Trisciuzzi &#8211; Presidente Comitato ARCI Valle d<\/p>\n<div class=\"postie-attachments\"><a href=\"http:\/\/www.crispianonline.com\/wp\/?attachment_id=1789\"><img decoding=\"async\" src=\"http:\/\/www.crispianonline.com\/wp\/wp-content\/uploads\/2017\/12\/TEMP_130709153116_01-300x199.jpg\" alt=\"\" width=\"300px\" height=\"199px\" class=\"alignnone size-medium wp-image-1789\" srcset=\"https:\/\/www.crispianonline.com\/wp\/wp-content\/uploads\/2017\/12\/TEMP_130709153116_01-300x199.jpg 300w, https:\/\/www.crispianonline.com\/wp\/wp-content\/uploads\/2017\/12\/TEMP_130709153116_01-768x509.jpg 768w, https:\/\/www.crispianonline.com\/wp\/wp-content\/uploads\/2017\/12\/TEMP_130709153116_01-1024x679.jpg 1024w, https:\/\/www.crispianonline.com\/wp\/wp-content\/uploads\/2017\/12\/TEMP_130709153116_01-687x455.jpg 687w, https:\/\/www.crispianonline.com\/wp\/wp-content\/uploads\/2017\/12\/TEMP_130709153116_01.jpg 1200w\" sizes=\"(max-width: 300px) 100vw, 300px\" \/><\/a>\n<\/div>\n","protected":false},"excerpt":{"rendered":"<p>Papa Francesco, la sua prima visita fuori dalle mura vaticane, ha deciso di farla per andare in mezzo a chi viene da pi\u00f9 lontano di lui. Non dal punto di vista geografico, ma sociale. Ed \u00e8 ci\u00f2 che conta, perch\u00e9 in questa globalizzazione si sono ridotte le distanze chilometriche ma si sono approfondite a dismisura [&hellip;]<\/p>\n","protected":false},"author":1,"featured_media":1789,"comment_status":"closed","ping_status":"closed","sticky":false,"template":"","format":"standard","meta":{"footnotes":""},"categories":[5],"tags":[],"class_list":["post-1788","post","type-post","status-publish","format-standard","has-post-thumbnail","hentry","category-attualita"],"yoast_head":"<!-- This site is optimized with the Yoast SEO plugin v21.5 - https:\/\/yoast.com\/wordpress\/plugins\/seo\/ -->\r\n<title>La forza delle parole del papa e il dolore dei migranti - Crispianonline.com<\/title>\r\n<meta name=\"robots\" content=\"index, follow, max-snippet:-1, max-image-preview:large, max-video-preview:-1\" \/>\r\n<link rel=\"canonical\" href=\"https:\/\/www.crispianonline.com\/wp\/2013\/07\/la-forza-delle-parole-del-papa-e-il-dolore-dei-migranti\/\" \/>\r\n<meta property=\"og:locale\" content=\"it_IT\" \/>\r\n<meta property=\"og:type\" content=\"article\" \/>\r\n<meta property=\"og:title\" content=\"La forza delle parole del papa e il dolore dei migranti - Crispianonline.com\" \/>\r\n<meta property=\"og:description\" content=\"Papa Francesco, la sua prima visita fuori dalle mura vaticane, ha deciso di farla per andare in mezzo a chi viene da pi\u00f9 lontano di lui. Non dal punto di vista geografico, ma sociale. Ed \u00e8 ci\u00f2 che conta, perch\u00e9 in questa globalizzazione si sono ridotte le distanze chilometriche ma si sono approfondite a dismisura [&hellip;]\" \/>\r\n<meta property=\"og:url\" content=\"https:\/\/www.crispianonline.com\/wp\/2013\/07\/la-forza-delle-parole-del-papa-e-il-dolore-dei-migranti\/\" \/>\r\n<meta property=\"og:site_name\" content=\"Crispianonline.com\" \/>\r\n<meta property=\"article:publisher\" content=\"https:\/\/www.facebook.com\/crispianonline.redazione\" \/>\r\n<meta property=\"article:published_time\" content=\"2013-07-09T13:57:00+00:00\" \/>\r\n<meta property=\"article:modified_time\" content=\"2017-12-08T13:26:00+00:00\" \/>\r\n<meta property=\"og:image\" content=\"https:\/\/www.crispianonline.com\/wp\/wp-content\/uploads\/2017\/12\/TEMP_130709153116_01.jpg\" \/>\r\n\t<meta property=\"og:image:width\" content=\"1200\" \/>\r\n\t<meta property=\"og:image:height\" content=\"796\" \/>\r\n\t<meta property=\"og:image:type\" content=\"image\/jpeg\" \/>\r\n<meta name=\"author\" content=\"antonio.massafra\" \/>\r\n<meta name=\"twitter:card\" content=\"summary_large_image\" \/>\r\n<meta name=\"twitter:label1\" content=\"Scritto da\" \/>\n\t<meta name=\"twitter:data1\" content=\"antonio.massafra\" \/>\n\t<meta name=\"twitter:label2\" content=\"Tempo di lettura stimato\" \/>\n\t<meta name=\"twitter:data2\" content=\"3 minuti\" \/>\r\n<script type=\"application\/ld+json\" class=\"yoast-schema-graph\">{\"@context\":\"https:\/\/schema.org\",\"@graph\":[{\"@type\":\"Article\",\"@id\":\"https:\/\/www.crispianonline.com\/wp\/2013\/07\/la-forza-delle-parole-del-papa-e-il-dolore-dei-migranti\/#article\",\"isPartOf\":{\"@id\":\"https:\/\/www.crispianonline.com\/wp\/2013\/07\/la-forza-delle-parole-del-papa-e-il-dolore-dei-migranti\/\"},\"author\":{\"name\":\"antonio.massafra\",\"@id\":\"https:\/\/www.crispianonline.com\/wp\/#\/schema\/person\/8cb62d1bf72cf9523671eb650fbc0ccb\"},\"headline\":\"La forza delle parole del papa e il dolore dei migranti\",\"datePublished\":\"2013-07-09T13:57:00+00:00\",\"dateModified\":\"2017-12-08T13:26:00+00:00\",\"mainEntityOfPage\":{\"@id\":\"https:\/\/www.crispianonline.com\/wp\/2013\/07\/la-forza-delle-parole-del-papa-e-il-dolore-dei-migranti\/\"},\"wordCount\":539,\"publisher\":{\"@id\":\"https:\/\/www.crispianonline.com\/wp\/#organization\"},\"articleSection\":[\"attualit\u00e0\"],\"inLanguage\":\"it-IT\"},{\"@type\":\"WebPage\",\"@id\":\"https:\/\/www.crispianonline.com\/wp\/2013\/07\/la-forza-delle-parole-del-papa-e-il-dolore-dei-migranti\/\",\"url\":\"https:\/\/www.crispianonline.com\/wp\/2013\/07\/la-forza-delle-parole-del-papa-e-il-dolore-dei-migranti\/\",\"name\":\"La forza delle parole del papa e il dolore dei migranti - Crispianonline.com\",\"isPartOf\":{\"@id\":\"https:\/\/www.crispianonline.com\/wp\/#website\"},\"datePublished\":\"2013-07-09T13:57:00+00:00\",\"dateModified\":\"2017-12-08T13:26:00+00:00\",\"breadcrumb\":{\"@id\":\"https:\/\/www.crispianonline.com\/wp\/2013\/07\/la-forza-delle-parole-del-papa-e-il-dolore-dei-migranti\/#breadcrumb\"},\"inLanguage\":\"it-IT\",\"potentialAction\":[{\"@type\":\"ReadAction\",\"target\":[\"https:\/\/www.crispianonline.com\/wp\/2013\/07\/la-forza-delle-parole-del-papa-e-il-dolore-dei-migranti\/\"]}]},{\"@type\":\"BreadcrumbList\",\"@id\":\"https:\/\/www.crispianonline.com\/wp\/2013\/07\/la-forza-delle-parole-del-papa-e-il-dolore-dei-migranti\/#breadcrumb\",\"itemListElement\":[{\"@type\":\"ListItem\",\"position\":1,\"name\":\"Home\",\"item\":\"https:\/\/www.crispianonline.com\/wp\/\"},{\"@type\":\"ListItem\",\"position\":2,\"name\":\"La forza delle parole del papa e il dolore dei migranti\"}]},{\"@type\":\"WebSite\",\"@id\":\"https:\/\/www.crispianonline.com\/wp\/#website\",\"url\":\"https:\/\/www.crispianonline.com\/wp\/\",\"name\":\"Crispianonline.com\",\"description\":\"il sito non ufficiale della tua citt\u00e0\",\"publisher\":{\"@id\":\"https:\/\/www.crispianonline.com\/wp\/#organization\"},\"potentialAction\":[{\"@type\":\"SearchAction\",\"target\":{\"@type\":\"EntryPoint\",\"urlTemplate\":\"https:\/\/www.crispianonline.com\/wp\/?s={search_term_string}\"},\"query-input\":\"required name=search_term_string\"}],\"inLanguage\":\"it-IT\"},{\"@type\":\"Organization\",\"@id\":\"https:\/\/www.crispianonline.com\/wp\/#organization\",\"name\":\"crispianonline\",\"url\":\"https:\/\/www.crispianonline.com\/wp\/\",\"logo\":{\"@type\":\"ImageObject\",\"inLanguage\":\"it-IT\",\"@id\":\"https:\/\/www.crispianonline.com\/wp\/#\/schema\/logo\/image\/\",\"url\":\"https:\/\/www.crispianonline.com\/wp\/wp-content\/uploads\/2017\/12\/Crispianonline04-300.40.png\",\"contentUrl\":\"https:\/\/www.crispianonline.com\/wp\/wp-content\/uploads\/2017\/12\/Crispianonline04-300.40.png\",\"width\":300,\"height\":31,\"caption\":\"crispianonline\"},\"image\":{\"@id\":\"https:\/\/www.crispianonline.com\/wp\/#\/schema\/logo\/image\/\"},\"sameAs\":[\"https:\/\/www.facebook.com\/crispianonline.redazione\"]},{\"@type\":\"Person\",\"@id\":\"https:\/\/www.crispianonline.com\/wp\/#\/schema\/person\/8cb62d1bf72cf9523671eb650fbc0ccb\",\"name\":\"antonio.massafra\",\"image\":{\"@type\":\"ImageObject\",\"inLanguage\":\"it-IT\",\"@id\":\"https:\/\/www.crispianonline.com\/wp\/#\/schema\/person\/image\/\",\"url\":\"https:\/\/secure.gravatar.com\/avatar\/5799185820c6e3f7e6a6984c11314d83b06e20e50ee0fcae0063a1ecb2b17029?s=96&d=mm&r=g\",\"contentUrl\":\"https:\/\/secure.gravatar.com\/avatar\/5799185820c6e3f7e6a6984c11314d83b06e20e50ee0fcae0063a1ecb2b17029?s=96&d=mm&r=g\",\"caption\":\"antonio.massafra\"}}]}<\/script>\r\n<!-- \/ Yoast SEO plugin. -->","yoast_head_json":{"title":"La forza delle parole del papa e il dolore dei migranti - Crispianonline.com","robots":{"index":"index","follow":"follow","max-snippet":"max-snippet:-1","max-image-preview":"max-image-preview:large","max-video-preview":"max-video-preview:-1"},"canonical":"https:\/\/www.crispianonline.com\/wp\/2013\/07\/la-forza-delle-parole-del-papa-e-il-dolore-dei-migranti\/","og_locale":"it_IT","og_type":"article","og_title":"La forza delle parole del papa e il dolore dei migranti - Crispianonline.com","og_description":"Papa Francesco, la sua prima visita fuori dalle mura vaticane, ha deciso di farla per andare in mezzo a chi viene da pi\u00f9 lontano di lui. Non dal punto di vista geografico, ma sociale. Ed \u00e8 ci\u00f2 che conta, perch\u00e9 in questa globalizzazione si sono ridotte le distanze chilometriche ma si sono approfondite a dismisura [&hellip;]","og_url":"https:\/\/www.crispianonline.com\/wp\/2013\/07\/la-forza-delle-parole-del-papa-e-il-dolore-dei-migranti\/","og_site_name":"Crispianonline.com","article_publisher":"https:\/\/www.facebook.com\/crispianonline.redazione","article_published_time":"2013-07-09T13:57:00+00:00","article_modified_time":"2017-12-08T13:26:00+00:00","og_image":[{"width":1200,"height":796,"url":"https:\/\/www.crispianonline.com\/wp\/wp-content\/uploads\/2017\/12\/TEMP_130709153116_01.jpg","type":"image\/jpeg"}],"author":"antonio.massafra","twitter_card":"summary_large_image","twitter_misc":{"Scritto da":"antonio.massafra","Tempo di lettura stimato":"3 minuti"},"schema":{"@context":"https:\/\/schema.org","@graph":[{"@type":"Article","@id":"https:\/\/www.crispianonline.com\/wp\/2013\/07\/la-forza-delle-parole-del-papa-e-il-dolore-dei-migranti\/#article","isPartOf":{"@id":"https:\/\/www.crispianonline.com\/wp\/2013\/07\/la-forza-delle-parole-del-papa-e-il-dolore-dei-migranti\/"},"author":{"name":"antonio.massafra","@id":"https:\/\/www.crispianonline.com\/wp\/#\/schema\/person\/8cb62d1bf72cf9523671eb650fbc0ccb"},"headline":"La forza delle parole del papa e il dolore dei migranti","datePublished":"2013-07-09T13:57:00+00:00","dateModified":"2017-12-08T13:26:00+00:00","mainEntityOfPage":{"@id":"https:\/\/www.crispianonline.com\/wp\/2013\/07\/la-forza-delle-parole-del-papa-e-il-dolore-dei-migranti\/"},"wordCount":539,"publisher":{"@id":"https:\/\/www.crispianonline.com\/wp\/#organization"},"articleSection":["attualit\u00e0"],"inLanguage":"it-IT"},{"@type":"WebPage","@id":"https:\/\/www.crispianonline.com\/wp\/2013\/07\/la-forza-delle-parole-del-papa-e-il-dolore-dei-migranti\/","url":"https:\/\/www.crispianonline.com\/wp\/2013\/07\/la-forza-delle-parole-del-papa-e-il-dolore-dei-migranti\/","name":"La forza delle parole del papa e il dolore dei migranti - Crispianonline.com","isPartOf":{"@id":"https:\/\/www.crispianonline.com\/wp\/#website"},"datePublished":"2013-07-09T13:57:00+00:00","dateModified":"2017-12-08T13:26:00+00:00","breadcrumb":{"@id":"https:\/\/www.crispianonline.com\/wp\/2013\/07\/la-forza-delle-parole-del-papa-e-il-dolore-dei-migranti\/#breadcrumb"},"inLanguage":"it-IT","potentialAction":[{"@type":"ReadAction","target":["https:\/\/www.crispianonline.com\/wp\/2013\/07\/la-forza-delle-parole-del-papa-e-il-dolore-dei-migranti\/"]}]},{"@type":"BreadcrumbList","@id":"https:\/\/www.crispianonline.com\/wp\/2013\/07\/la-forza-delle-parole-del-papa-e-il-dolore-dei-migranti\/#breadcrumb","itemListElement":[{"@type":"ListItem","position":1,"name":"Home","item":"https:\/\/www.crispianonline.com\/wp\/"},{"@type":"ListItem","position":2,"name":"La forza delle parole del papa e il dolore dei migranti"}]},{"@type":"WebSite","@id":"https:\/\/www.crispianonline.com\/wp\/#website","url":"https:\/\/www.crispianonline.com\/wp\/","name":"Crispianonline.com","description":"il sito non ufficiale della tua citt\u00e0","publisher":{"@id":"https:\/\/www.crispianonline.com\/wp\/#organization"},"potentialAction":[{"@type":"SearchAction","target":{"@type":"EntryPoint","urlTemplate":"https:\/\/www.crispianonline.com\/wp\/?s={search_term_string}"},"query-input":"required name=search_term_string"}],"inLanguage":"it-IT"},{"@type":"Organization","@id":"https:\/\/www.crispianonline.com\/wp\/#organization","name":"crispianonline","url":"https:\/\/www.crispianonline.com\/wp\/","logo":{"@type":"ImageObject","inLanguage":"it-IT","@id":"https:\/\/www.crispianonline.com\/wp\/#\/schema\/logo\/image\/","url":"https:\/\/www.crispianonline.com\/wp\/wp-content\/uploads\/2017\/12\/Crispianonline04-300.40.png","contentUrl":"https:\/\/www.crispianonline.com\/wp\/wp-content\/uploads\/2017\/12\/Crispianonline04-300.40.png","width":300,"height":31,"caption":"crispianonline"},"image":{"@id":"https:\/\/www.crispianonline.com\/wp\/#\/schema\/logo\/image\/"},"sameAs":["https:\/\/www.facebook.com\/crispianonline.redazione"]},{"@type":"Person","@id":"https:\/\/www.crispianonline.com\/wp\/#\/schema\/person\/8cb62d1bf72cf9523671eb650fbc0ccb","name":"antonio.massafra","image":{"@type":"ImageObject","inLanguage":"it-IT","@id":"https:\/\/www.crispianonline.com\/wp\/#\/schema\/person\/image\/","url":"https:\/\/secure.gravatar.com\/avatar\/5799185820c6e3f7e6a6984c11314d83b06e20e50ee0fcae0063a1ecb2b17029?s=96&d=mm&r=g","contentUrl":"https:\/\/secure.gravatar.com\/avatar\/5799185820c6e3f7e6a6984c11314d83b06e20e50ee0fcae0063a1ecb2b17029?s=96&d=mm&r=g","caption":"antonio.massafra"}}]}},"_links":{"self":[{"href":"https:\/\/www.crispianonline.com\/wp\/wp-json\/wp\/v2\/posts\/1788","targetHints":{"allow":["GET"]}}],"collection":[{"href":"https:\/\/www.crispianonline.com\/wp\/wp-json\/wp\/v2\/posts"}],"about":[{"href":"https:\/\/www.crispianonline.com\/wp\/wp-json\/wp\/v2\/types\/post"}],"author":[{"embeddable":true,"href":"https:\/\/www.crispianonline.com\/wp\/wp-json\/wp\/v2\/users\/1"}],"replies":[{"embeddable":true,"href":"https:\/\/www.crispianonline.com\/wp\/wp-json\/wp\/v2\/comments?post=1788"}],"version-history":[{"count":0,"href":"https:\/\/www.crispianonline.com\/wp\/wp-json\/wp\/v2\/posts\/1788\/revisions"}],"wp:featuredmedia":[{"embeddable":true,"href":"https:\/\/www.crispianonline.com\/wp\/wp-json\/wp\/v2\/media\/1789"}],"wp:attachment":[{"href":"https:\/\/www.crispianonline.com\/wp\/wp-json\/wp\/v2\/media?parent=1788"}],"wp:term":[{"taxonomy":"category","embeddable":true,"href":"https:\/\/www.crispianonline.com\/wp\/wp-json\/wp\/v2\/categories?post=1788"},{"taxonomy":"post_tag","embeddable":true,"href":"https:\/\/www.crispianonline.com\/wp\/wp-json\/wp\/v2\/tags?post=1788"}],"curies":[{"name":"wp","href":"https:\/\/api.w.org\/{rel}","templated":true}]}}