{"id":1896,"date":"2013-04-30T12:50:00","date_gmt":"2013-04-30T10:50:00","guid":{"rendered":"http:\/\/www.crispianonline.com\/wp\/?p=1896"},"modified":"2017-12-08T14:27:01","modified_gmt":"2017-12-08T13:27:01","slug":"festa-degli-aquiloni-1-maggio","status":"publish","type":"post","link":"https:\/\/www.crispianonline.com\/wp\/2013\/04\/festa-degli-aquiloni-1-maggio\/","title":{"rendered":"FESTA DEGLI AQUILONI &#8211; 1\u00b0 MAGGIO"},"content":{"rendered":"<p>\u201cRagazzArci in Festa\u201d \u00e8 un appuntamento che da anni caratterizza fortemente il Circolo Arci Ragazzi Crispiano per la promozione e l\u2019esercizio dei Diritti dei bambini e dei ragazzi; \u00e8 per i bambini un momento di grande visibilit\u00e0 e opportunit\u00e0 di gioco e di incontro per le strade del paese; \u00e8 per i genitori un\u2019occasione di incontro e di tempo da dedicare al gioco con i propri figli.<br \/>\nE\u2019, oramai, per il paese una tradizione \u201cculturale\u201d che va ad arricchire la sua stessa identit\u00e0, ed \u00e8 anche per questo che l\u2019appuntamento di RagazzArci \u00e8 seguito ogni anno da centinaia di famiglie, che aspettano con entusiasmo i classici eventi organizzati. Ecco il programma di quest\u2019anno:<\/p>\n<p>LA FESTA DEGLI AQUILONI \u2013 Mercoled\u00ec 1 Maggio 2013 &#8211; Siamo giunti al 24\u00b0 anno per questa manifestazione ed anche quest\u2019anno la festa si svolger\u00e0 presso la Masseria Francesca in C.da Cigliano, &#8211; nel territorio di Crispiano &#8211; dalle ore 10 alle ore 18 e vedr\u00e0 il volo di circa 300 aquiloni costruiti nei laboratori che si sono tenuti presso la sede del Circolo nel mese di Aprile.<br \/>\nPic-nic, laboratori di giochi e costruzioni in loco di aquiloni saranno occasioni per trascorrere insieme una bella giornata all\u2019aria aperta con tutta la famiglia e i proprio bambini.<br \/>\nNel pomeriggio esibizione dei cavalieri del maneggio dell\u2019Accademia Italiana di arte equestre \u201cMoro di Puglia\u201d.<\/p>\n<p>LA PASTICCIATA &#8211; Domenica 19 Maggio 2013 ore 15,30 \u2013 Parco \u201cCarlo Pagliarini\u201d \u2013 Zona 167 \u2013<br \/>\nGioco gastronomico a squadre, che consiste nel realizzare dei biscotti di pastafrolla a tema, con l\u2019utilizzo di diverso materiale culinario e di varie rappresentazioni grafiche.<\/p>\n<p>3^ Edizione de \u201cLA NOTTE BIANCA DEI BAMBINI IN BIBLIOTECA\u201d \u2013 dalle ore 18,00 di Sabato 22 giugno alle ore 8,00 di Domenica 19 giugno 2011 &#8211; Festival della lettura creativa &#8211; \u201cBolle Creative\u201d- in collaborazione con la Libreria Amico Libro. Una non \u2013 stop di laboratori di lettura, narrazione, ascolto, giochi, manipolazione,scrittura creativa,caccia al tesoro, incontri con personaggi fantastici per sensibilizzare i bambini sul tema della lettura. I partecipanti tra i 9 e gli 11 anni, dopo le varie attivit\u00e0, dormiranno nei loro sacchi a pelo nei locali della Biblioteca Civica \u201cC. Natale\u201d dopo aver cenato, e al mattino risveglio con colazione comune all\u2019aperto nello spazio antistante la biblioteca.<\/p>\n<p>Per informazioni e iscrizioni rivolgersi al Circolo ARCI Crispiano &#8211; C.so Umberto, 139 \u2013 Tel. 099611973.<\/p>\n<p>Fonte: Donatella Convertino &#8211; Presidente Circolo ARCI-UIS<\/p>\n<div class=\"postie-attachments\"><a href=\"http:\/\/www.crispianonline.com\/wp\/?attachment_id=1897\"><img decoding=\"async\" src=\"http:\/\/www.crispianonline.com\/wp\/wp-content\/uploads\/2017\/12\/TEMP_130430001333_01-212x300.jpg\" alt=\"\" width=\"212px\" height=\"300px\" class=\"alignnone size-medium wp-image-1897\" srcset=\"https:\/\/www.crispianonline.com\/wp\/wp-content\/uploads\/2017\/12\/TEMP_130430001333_01-212x300.jpg 212w, https:\/\/www.crispianonline.com\/wp\/wp-content\/uploads\/2017\/12\/TEMP_130430001333_01-768x1086.jpg 768w, https:\/\/www.crispianonline.com\/wp\/wp-content\/uploads\/2017\/12\/TEMP_130430001333_01-724x1024.jpg 724w\" sizes=\"(max-width: 212px) 100vw, 212px\" \/><\/a>\n<\/div>\n","protected":false},"excerpt":{"rendered":"<p>\u201cRagazzArci in Festa\u201d \u00e8 un appuntamento che da anni caratterizza fortemente il Circolo Arci Ragazzi Crispiano per la promozione e l\u2019esercizio dei Diritti dei bambini e dei ragazzi; \u00e8 per i bambini un momento di grande visibilit\u00e0 e opportunit\u00e0 di gioco e di incontro per le strade del paese; \u00e8 per i genitori un\u2019occasione di [&hellip;]<\/p>\n","protected":false},"author":1,"featured_media":1897,"comment_status":"closed","ping_status":"closed","sticky":false,"template":"","format":"standard","meta":{"footnotes":""},"categories":[5],"tags":[],"class_list":["post-1896","post","type-post","status-publish","format-standard","has-post-thumbnail","hentry","category-attualita"],"yoast_head":"<!-- This site is optimized with the Yoast SEO plugin v21.5 - https:\/\/yoast.com\/wordpress\/plugins\/seo\/ -->\r\n<title>FESTA DEGLI AQUILONI - 1\u00b0 MAGGIO - Crispianonline.com<\/title>\r\n<meta name=\"robots\" content=\"index, follow, max-snippet:-1, max-image-preview:large, max-video-preview:-1\" \/>\r\n<link rel=\"canonical\" href=\"https:\/\/www.crispianonline.com\/wp\/2013\/04\/festa-degli-aquiloni-1-maggio\/\" \/>\r\n<meta property=\"og:locale\" content=\"it_IT\" \/>\r\n<meta property=\"og:type\" content=\"article\" \/>\r\n<meta property=\"og:title\" content=\"FESTA DEGLI AQUILONI - 1\u00b0 MAGGIO - Crispianonline.com\" \/>\r\n<meta property=\"og:description\" content=\"\u201cRagazzArci in Festa\u201d \u00e8 un appuntamento che da anni caratterizza fortemente il Circolo Arci Ragazzi Crispiano per la promozione e l\u2019esercizio dei Diritti dei bambini e dei ragazzi; \u00e8 per i bambini un momento di grande visibilit\u00e0 e opportunit\u00e0 di gioco e di incontro per le strade del paese; \u00e8 per i genitori un\u2019occasione di [&hellip;]\" \/>\r\n<meta property=\"og:url\" content=\"https:\/\/www.crispianonline.com\/wp\/2013\/04\/festa-degli-aquiloni-1-maggio\/\" \/>\r\n<meta property=\"og:site_name\" content=\"Crispianonline.com\" \/>\r\n<meta property=\"article:publisher\" content=\"https:\/\/www.facebook.com\/crispianonline.redazione\" \/>\r\n<meta property=\"article:published_time\" content=\"2013-04-30T10:50:00+00:00\" \/>\r\n<meta property=\"article:modified_time\" content=\"2017-12-08T13:27:01+00:00\" \/>\r\n<meta property=\"og:image\" content=\"https:\/\/www.crispianonline.com\/wp\/wp-content\/uploads\/2017\/12\/TEMP_130430001333_01-724x1024.jpg\" \/>\r\n\t<meta property=\"og:image:width\" content=\"724\" \/>\r\n\t<meta property=\"og:image:height\" content=\"1024\" \/>\r\n\t<meta property=\"og:image:type\" content=\"image\/jpeg\" \/>\r\n<meta name=\"author\" content=\"antonio.massafra\" \/>\r\n<meta name=\"twitter:card\" content=\"summary_large_image\" \/>\r\n<meta name=\"twitter:label1\" content=\"Scritto da\" \/>\n\t<meta name=\"twitter:data1\" content=\"antonio.massafra\" \/>\n\t<meta name=\"twitter:label2\" content=\"Tempo di lettura stimato\" \/>\n\t<meta name=\"twitter:data2\" content=\"2 minuti\" \/>\r\n<script type=\"application\/ld+json\" class=\"yoast-schema-graph\">{\"@context\":\"https:\/\/schema.org\",\"@graph\":[{\"@type\":\"Article\",\"@id\":\"https:\/\/www.crispianonline.com\/wp\/2013\/04\/festa-degli-aquiloni-1-maggio\/#article\",\"isPartOf\":{\"@id\":\"https:\/\/www.crispianonline.com\/wp\/2013\/04\/festa-degli-aquiloni-1-maggio\/\"},\"author\":{\"name\":\"antonio.massafra\",\"@id\":\"https:\/\/www.crispianonline.com\/wp\/#\/schema\/person\/8cb62d1bf72cf9523671eb650fbc0ccb\"},\"headline\":\"FESTA DEGLI AQUILONI &#8211; 1\u00b0 MAGGIO\",\"datePublished\":\"2013-04-30T10:50:00+00:00\",\"dateModified\":\"2017-12-08T13:27:01+00:00\",\"mainEntityOfPage\":{\"@id\":\"https:\/\/www.crispianonline.com\/wp\/2013\/04\/festa-degli-aquiloni-1-maggio\/\"},\"wordCount\":386,\"publisher\":{\"@id\":\"https:\/\/www.crispianonline.com\/wp\/#organization\"},\"articleSection\":[\"attualit\u00e0\"],\"inLanguage\":\"it-IT\"},{\"@type\":\"WebPage\",\"@id\":\"https:\/\/www.crispianonline.com\/wp\/2013\/04\/festa-degli-aquiloni-1-maggio\/\",\"url\":\"https:\/\/www.crispianonline.com\/wp\/2013\/04\/festa-degli-aquiloni-1-maggio\/\",\"name\":\"FESTA DEGLI AQUILONI - 1\u00b0 MAGGIO - Crispianonline.com\",\"isPartOf\":{\"@id\":\"https:\/\/www.crispianonline.com\/wp\/#website\"},\"datePublished\":\"2013-04-30T10:50:00+00:00\",\"dateModified\":\"2017-12-08T13:27:01+00:00\",\"breadcrumb\":{\"@id\":\"https:\/\/www.crispianonline.com\/wp\/2013\/04\/festa-degli-aquiloni-1-maggio\/#breadcrumb\"},\"inLanguage\":\"it-IT\",\"potentialAction\":[{\"@type\":\"ReadAction\",\"target\":[\"https:\/\/www.crispianonline.com\/wp\/2013\/04\/festa-degli-aquiloni-1-maggio\/\"]}]},{\"@type\":\"BreadcrumbList\",\"@id\":\"https:\/\/www.crispianonline.com\/wp\/2013\/04\/festa-degli-aquiloni-1-maggio\/#breadcrumb\",\"itemListElement\":[{\"@type\":\"ListItem\",\"position\":1,\"name\":\"Home\",\"item\":\"https:\/\/www.crispianonline.com\/wp\/\"},{\"@type\":\"ListItem\",\"position\":2,\"name\":\"FESTA DEGLI AQUILONI &#8211; 1\u00b0 MAGGIO\"}]},{\"@type\":\"WebSite\",\"@id\":\"https:\/\/www.crispianonline.com\/wp\/#website\",\"url\":\"https:\/\/www.crispianonline.com\/wp\/\",\"name\":\"Crispianonline.com\",\"description\":\"il sito non ufficiale della tua citt\u00e0\",\"publisher\":{\"@id\":\"https:\/\/www.crispianonline.com\/wp\/#organization\"},\"potentialAction\":[{\"@type\":\"SearchAction\",\"target\":{\"@type\":\"EntryPoint\",\"urlTemplate\":\"https:\/\/www.crispianonline.com\/wp\/?s={search_term_string}\"},\"query-input\":\"required name=search_term_string\"}],\"inLanguage\":\"it-IT\"},{\"@type\":\"Organization\",\"@id\":\"https:\/\/www.crispianonline.com\/wp\/#organization\",\"name\":\"crispianonline\",\"url\":\"https:\/\/www.crispianonline.com\/wp\/\",\"logo\":{\"@type\":\"ImageObject\",\"inLanguage\":\"it-IT\",\"@id\":\"https:\/\/www.crispianonline.com\/wp\/#\/schema\/logo\/image\/\",\"url\":\"https:\/\/www.crispianonline.com\/wp\/wp-content\/uploads\/2017\/12\/Crispianonline04-300.40.png\",\"contentUrl\":\"https:\/\/www.crispianonline.com\/wp\/wp-content\/uploads\/2017\/12\/Crispianonline04-300.40.png\",\"width\":300,\"height\":31,\"caption\":\"crispianonline\"},\"image\":{\"@id\":\"https:\/\/www.crispianonline.com\/wp\/#\/schema\/logo\/image\/\"},\"sameAs\":[\"https:\/\/www.facebook.com\/crispianonline.redazione\"]},{\"@type\":\"Person\",\"@id\":\"https:\/\/www.crispianonline.com\/wp\/#\/schema\/person\/8cb62d1bf72cf9523671eb650fbc0ccb\",\"name\":\"antonio.massafra\",\"image\":{\"@type\":\"ImageObject\",\"inLanguage\":\"it-IT\",\"@id\":\"https:\/\/www.crispianonline.com\/wp\/#\/schema\/person\/image\/\",\"url\":\"https:\/\/secure.gravatar.com\/avatar\/5799185820c6e3f7e6a6984c11314d83b06e20e50ee0fcae0063a1ecb2b17029?s=96&d=mm&r=g\",\"contentUrl\":\"https:\/\/secure.gravatar.com\/avatar\/5799185820c6e3f7e6a6984c11314d83b06e20e50ee0fcae0063a1ecb2b17029?s=96&d=mm&r=g\",\"caption\":\"antonio.massafra\"}}]}<\/script>\r\n<!-- \/ Yoast SEO plugin. -->","yoast_head_json":{"title":"FESTA DEGLI AQUILONI - 1\u00b0 MAGGIO - Crispianonline.com","robots":{"index":"index","follow":"follow","max-snippet":"max-snippet:-1","max-image-preview":"max-image-preview:large","max-video-preview":"max-video-preview:-1"},"canonical":"https:\/\/www.crispianonline.com\/wp\/2013\/04\/festa-degli-aquiloni-1-maggio\/","og_locale":"it_IT","og_type":"article","og_title":"FESTA DEGLI AQUILONI - 1\u00b0 MAGGIO - Crispianonline.com","og_description":"\u201cRagazzArci in Festa\u201d \u00e8 un appuntamento che da anni caratterizza fortemente il Circolo Arci Ragazzi Crispiano per la promozione e l\u2019esercizio dei Diritti dei bambini e dei ragazzi; \u00e8 per i bambini un momento di grande visibilit\u00e0 e opportunit\u00e0 di gioco e di incontro per le strade del paese; \u00e8 per i genitori un\u2019occasione di [&hellip;]","og_url":"https:\/\/www.crispianonline.com\/wp\/2013\/04\/festa-degli-aquiloni-1-maggio\/","og_site_name":"Crispianonline.com","article_publisher":"https:\/\/www.facebook.com\/crispianonline.redazione","article_published_time":"2013-04-30T10:50:00+00:00","article_modified_time":"2017-12-08T13:27:01+00:00","og_image":[{"width":724,"height":1024,"url":"https:\/\/www.crispianonline.com\/wp\/wp-content\/uploads\/2017\/12\/TEMP_130430001333_01-724x1024.jpg","type":"image\/jpeg"}],"author":"antonio.massafra","twitter_card":"summary_large_image","twitter_misc":{"Scritto da":"antonio.massafra","Tempo di lettura stimato":"2 minuti"},"schema":{"@context":"https:\/\/schema.org","@graph":[{"@type":"Article","@id":"https:\/\/www.crispianonline.com\/wp\/2013\/04\/festa-degli-aquiloni-1-maggio\/#article","isPartOf":{"@id":"https:\/\/www.crispianonline.com\/wp\/2013\/04\/festa-degli-aquiloni-1-maggio\/"},"author":{"name":"antonio.massafra","@id":"https:\/\/www.crispianonline.com\/wp\/#\/schema\/person\/8cb62d1bf72cf9523671eb650fbc0ccb"},"headline":"FESTA DEGLI AQUILONI &#8211; 1\u00b0 MAGGIO","datePublished":"2013-04-30T10:50:00+00:00","dateModified":"2017-12-08T13:27:01+00:00","mainEntityOfPage":{"@id":"https:\/\/www.crispianonline.com\/wp\/2013\/04\/festa-degli-aquiloni-1-maggio\/"},"wordCount":386,"publisher":{"@id":"https:\/\/www.crispianonline.com\/wp\/#organization"},"articleSection":["attualit\u00e0"],"inLanguage":"it-IT"},{"@type":"WebPage","@id":"https:\/\/www.crispianonline.com\/wp\/2013\/04\/festa-degli-aquiloni-1-maggio\/","url":"https:\/\/www.crispianonline.com\/wp\/2013\/04\/festa-degli-aquiloni-1-maggio\/","name":"FESTA DEGLI AQUILONI - 1\u00b0 MAGGIO - Crispianonline.com","isPartOf":{"@id":"https:\/\/www.crispianonline.com\/wp\/#website"},"datePublished":"2013-04-30T10:50:00+00:00","dateModified":"2017-12-08T13:27:01+00:00","breadcrumb":{"@id":"https:\/\/www.crispianonline.com\/wp\/2013\/04\/festa-degli-aquiloni-1-maggio\/#breadcrumb"},"inLanguage":"it-IT","potentialAction":[{"@type":"ReadAction","target":["https:\/\/www.crispianonline.com\/wp\/2013\/04\/festa-degli-aquiloni-1-maggio\/"]}]},{"@type":"BreadcrumbList","@id":"https:\/\/www.crispianonline.com\/wp\/2013\/04\/festa-degli-aquiloni-1-maggio\/#breadcrumb","itemListElement":[{"@type":"ListItem","position":1,"name":"Home","item":"https:\/\/www.crispianonline.com\/wp\/"},{"@type":"ListItem","position":2,"name":"FESTA DEGLI AQUILONI &#8211; 1\u00b0 MAGGIO"}]},{"@type":"WebSite","@id":"https:\/\/www.crispianonline.com\/wp\/#website","url":"https:\/\/www.crispianonline.com\/wp\/","name":"Crispianonline.com","description":"il sito non ufficiale della tua citt\u00e0","publisher":{"@id":"https:\/\/www.crispianonline.com\/wp\/#organization"},"potentialAction":[{"@type":"SearchAction","target":{"@type":"EntryPoint","urlTemplate":"https:\/\/www.crispianonline.com\/wp\/?s={search_term_string}"},"query-input":"required name=search_term_string"}],"inLanguage":"it-IT"},{"@type":"Organization","@id":"https:\/\/www.crispianonline.com\/wp\/#organization","name":"crispianonline","url":"https:\/\/www.crispianonline.com\/wp\/","logo":{"@type":"ImageObject","inLanguage":"it-IT","@id":"https:\/\/www.crispianonline.com\/wp\/#\/schema\/logo\/image\/","url":"https:\/\/www.crispianonline.com\/wp\/wp-content\/uploads\/2017\/12\/Crispianonline04-300.40.png","contentUrl":"https:\/\/www.crispianonline.com\/wp\/wp-content\/uploads\/2017\/12\/Crispianonline04-300.40.png","width":300,"height":31,"caption":"crispianonline"},"image":{"@id":"https:\/\/www.crispianonline.com\/wp\/#\/schema\/logo\/image\/"},"sameAs":["https:\/\/www.facebook.com\/crispianonline.redazione"]},{"@type":"Person","@id":"https:\/\/www.crispianonline.com\/wp\/#\/schema\/person\/8cb62d1bf72cf9523671eb650fbc0ccb","name":"antonio.massafra","image":{"@type":"ImageObject","inLanguage":"it-IT","@id":"https:\/\/www.crispianonline.com\/wp\/#\/schema\/person\/image\/","url":"https:\/\/secure.gravatar.com\/avatar\/5799185820c6e3f7e6a6984c11314d83b06e20e50ee0fcae0063a1ecb2b17029?s=96&d=mm&r=g","contentUrl":"https:\/\/secure.gravatar.com\/avatar\/5799185820c6e3f7e6a6984c11314d83b06e20e50ee0fcae0063a1ecb2b17029?s=96&d=mm&r=g","caption":"antonio.massafra"}}]}},"_links":{"self":[{"href":"https:\/\/www.crispianonline.com\/wp\/wp-json\/wp\/v2\/posts\/1896","targetHints":{"allow":["GET"]}}],"collection":[{"href":"https:\/\/www.crispianonline.com\/wp\/wp-json\/wp\/v2\/posts"}],"about":[{"href":"https:\/\/www.crispianonline.com\/wp\/wp-json\/wp\/v2\/types\/post"}],"author":[{"embeddable":true,"href":"https:\/\/www.crispianonline.com\/wp\/wp-json\/wp\/v2\/users\/1"}],"replies":[{"embeddable":true,"href":"https:\/\/www.crispianonline.com\/wp\/wp-json\/wp\/v2\/comments?post=1896"}],"version-history":[{"count":0,"href":"https:\/\/www.crispianonline.com\/wp\/wp-json\/wp\/v2\/posts\/1896\/revisions"}],"wp:featuredmedia":[{"embeddable":true,"href":"https:\/\/www.crispianonline.com\/wp\/wp-json\/wp\/v2\/media\/1897"}],"wp:attachment":[{"href":"https:\/\/www.crispianonline.com\/wp\/wp-json\/wp\/v2\/media?parent=1896"}],"wp:term":[{"taxonomy":"category","embeddable":true,"href":"https:\/\/www.crispianonline.com\/wp\/wp-json\/wp\/v2\/categories?post=1896"},{"taxonomy":"post_tag","embeddable":true,"href":"https:\/\/www.crispianonline.com\/wp\/wp-json\/wp\/v2\/tags?post=1896"}],"curies":[{"name":"wp","href":"https:\/\/api.w.org\/{rel}","templated":true}]}}