{"id":3692,"date":"2010-07-26T21:48:00","date_gmt":"2010-07-26T19:48:00","guid":{"rendered":"http:\/\/www.crispianonline.com\/wp\/?p=3692"},"modified":"2017-12-10T14:17:01","modified_gmt":"2017-12-10T13:17:01","slug":"interrogazione-comunale-su-torre-mininni","status":"publish","type":"post","link":"https:\/\/www.crispianonline.com\/wp\/2010\/07\/interrogazione-comunale-su-torre-mininni\/","title":{"rendered":"Interrogazione comunale su Torre Mininni"},"content":{"rendered":"<p>AL PRESIDENTE<br \/>\nDEL CONSIGLIO COMUNALE DI CRISPIANO<br \/>\nAL SINDACO DEL COMUNE DI CRISPIANO<\/p>\n<p>OGGETTO: Interrogazione comunale, ai sensi del vigente regolamento, con risposta orale al primo Consiglio Comunale utile, proposta dal Capogruppo PDL Michelangelo SERIO su Torre Mininni.<\/p>\n<p>E\u2019 da svariati giorni che personale dipendente di questo Ente pare impiegato in attivit\u00e0 lavorativa (pulizie, lavori di giardinaggio, manutenzione varia, pitturazione ed altro) all\u2019interno di una struttura privata, di notevole pregio artistico, quale \u00e8 la Torre Mininni, dove il prossimo 22 luglio \u00e8 in programma una Mostra \u2013 documento sulla figura e le opere del Generale Giuseppe Messina.<\/p>\n<p>Pregevole l\u2019iniziativa che va pure condivisa e sostenuta, ma si impongono alcuni interrogativi:<\/p>\n<p>1)Premesso che la Torre Mininni \u00e8 una struttura privata a tutti gli effetti, ci chiediamo se \u00e8 possibile impiegare, continuativamente e per svariati giorni, personale dipendente di questo Ente in attivit\u00e0 lavorativa in una struttura privata.<\/p>\n<p>2)In quali termini \u00e8 possibile sostenere aggravi di spesa per l\u2019Ente, quando le migliorie apportate \u2013 ad esempio tutta l\u2019attivit\u00e0 di giardinaggio nel parco \u2013 si sostanziano, alla fine, in un mero beneficio a favore di privati che non ne sostengono affatto i costi che ricadono, invece, sulla collettivit\u00e0 ?<\/p>\n<p>3)Quali sono gli atti amministrativi che l\u2019Ente, preventivamente, con riguardo a tale iniziativa ha predisposto con l\u2019indicazione dei servizi impiegati e delle risorse impegnate ? Se atti ci sono, sono stati licenziati in quale data ? C\u2019\u00e8 una delibera di Giunta a tale riguardo che a noi non sia nota, oppure una determina di spesa, magari con effetto retroattivo, da parte di qualche dirigente comunale ?<\/p>\n<p>4)Chi ha autorizzato l\u2019impiego e l\u2019intervento di personale dell\u2019Ente a Torre Mininni ? Chi ha firmato gli ordini di servizio di questi impiegati comunali, che vorremmo poter acquisire in copia ? E cosa dicono questi ordini di servizio, oppure funziona tutto a parole ?<\/p>\n<p>5)Nella predisposizione di un siffatto impiego del personale comunale, che riteniamo a dir poco azzardato, sono state anche rispettate tutte le norme sulla sicurezza che la legge impone, con assunzione di responsabilit\u00e0 da parte di qualcuno ?<\/p>\n<p>In attesa di conoscere le risposte della maggioranza, che si auspicano non evasive, ma puntuali e circostanziate, si condivide l\u2019iniziativa per siffatte manifestazioni che portano lustro al nostro territorio anche da un punto di vista storico-documentale, ma siamo del parere che anche queste iniziative devono essere fatte nel rispetto delle regole alle quali nessuno si pu\u00f2 e si deve sottrarre.<\/p>\n<p>E la minoranza non pu\u00f2 continuare a tacere sulla inadeguatezza o non conformit\u00e0 delle strutture comunali che ospitano attivit\u00e0 culturali, nell\u2019inutile e vana attesa che a ci\u00f2 si ponga rimedio attraverso una pianificazione di interventi di cui, tanto nel quinquennio passato, quanto in quello attuale, non vi \u00e8 traccia di sorta.<\/p>\n<p>Accade, invece, che se la minoranza parla e denuncia queste inadempienze, il sindaco, piuttosto di fare mea culpa per un\u2019inerzia che dura da sette anni, d\u00e0 lo stop alle poche iniziative culturali che si fanno ed \u00e8 pronto a puntare l\u2019indice contro la minoranza e scaricarne la colpa.<\/p>\n<p>Noi del PDL vogliamo invece che a CRISPIANO si faccia cultura, svago e divertimento, ma nella sicurezza e nel rispetto delle regole, e non possiamo accettare il ricatto politico di un sindaco molto abile a scaricare sulla minoranza inadempienze che sono sue proprie e che, dopo sette anni, fa ormai fatica a nascondere.<\/p>\n<p>Invece la splendida cornice di questo evento, Torre Mininni, auspichiamo possa, in un prossimo futuro, interagire sempre pi\u00f9 spesso con manifestazioni od eventi, a tutti i livelli, che vengano celebrati a CRISPIANO.<\/p>\n<p>Questo \u00e8 quello che vorremmo, e crediamo che un\u2019intesa in tal senso con gli eredi Mininni vada ricercata.<\/p>\n<p>Quello che invece non vorremmo, \u00e8 dover assistere, da parte del Comune di CRISPIANO, all\u2019acquisto della Torre Mininni. Questa idea farebbe accollare alla comunit\u00e0 crispianese non solo i costi cospicui dell\u2019 acquisto in s\u00e8, ma altres\u00ec, i costi di interventi strutturali urgenti necessari per il suo complessivo recupero, rilancio e apertura al pubblico ed i costi periodici di una esosa manutenzione che pure, per la vetust\u00e0 dell\u2019opera, si renderebbero necessari.<\/p>\n<p>Una spesa che la comunit\u00e0 crispianese alle prese con bilanci asfittici, anche in proiezione futura, non pu\u00f2 permettersi.<\/p>\n<p>Allo stesso modo, non vorremmo che in seguito a questa vendita, sulla ampia zona retrostante da sempre oggetto di appetiti edificatori, si andasse a realizzare una cementificazione selvaggia del territorio che portasse enormi vantaggi a pochi e nessun<br \/>\nvantaggio alla comunit\u00e0 crispianese, che non si gioverebbe di alcuna rilevante opera realizzazione di interesse pubblico.<\/p>\n<p>Per concludere, ben vengano le iniziative culturali e di rilancio del territorio, ma \u00e8 bene che queste iniziative si svolgano nel pieno rispetto delle regole, a tutela degli interessi preminenti della collettivit\u00e0, con impegni di spesa regolari e nella norma e nel rispetto dei diritti e delle prerogative dei lavoratori comunali.<\/p>\n<p>E vogliamo scongiurare che, come spesso accade nel nostro paese, alla fine, venga fuori la sorpresa e si assista, in una zona estesa ben 29.100 mq., ad una speculazione edilizia senza precedenti.<\/p>\n<p>CRISPIANO, 20 LUGLIO 2010<\/p>\n<p>IL CAPOGRUPPO PDL<br \/>\nCONSIGLIERE MICHELANGELO SERIO<\/p>\n<p>(fotografia di Giovanni Blasi)<\/p>\n<p>Fonte: Il Capogruppo del PDL &#8211; Michelangelo Serio<\/p>\n<div class=\"postie-attachments\"><a href=\"http:\/\/www.crispianonline.com\/wp\/?attachment_id=3693\"><img decoding=\"async\" src=\"http:\/\/www.crispianonline.com\/wp\/wp-content\/uploads\/2017\/12\/TEMP_100726214511_01-300x200.jpg\" alt=\"\" width=\"300px\" height=\"200px\" class=\"alignnone size-medium wp-image-3693\" srcset=\"https:\/\/www.crispianonline.com\/wp\/wp-content\/uploads\/2017\/12\/TEMP_100726214511_01-300x200.jpg 300w, https:\/\/www.crispianonline.com\/wp\/wp-content\/uploads\/2017\/12\/TEMP_100726214511_01-687x455.jpg 687w, https:\/\/www.crispianonline.com\/wp\/wp-content\/uploads\/2017\/12\/TEMP_100726214511_01.jpg 720w\" sizes=\"(max-width: 300px) 100vw, 300px\" \/><\/a>\n<\/div>\n","protected":false},"excerpt":{"rendered":"<p>AL PRESIDENTE DEL CONSIGLIO COMUNALE DI CRISPIANO AL SINDACO DEL COMUNE DI CRISPIANO OGGETTO: Interrogazione comunale, ai sensi del vigente regolamento, con risposta orale al primo Consiglio Comunale utile, proposta dal Capogruppo PDL Michelangelo SERIO su Torre Mininni. E\u2019 da svariati giorni che personale dipendente di questo Ente pare impiegato in attivit\u00e0 lavorativa (pulizie, lavori [&hellip;]<\/p>\n","protected":false},"author":1,"featured_media":3693,"comment_status":"closed","ping_status":"closed","sticky":false,"template":"","format":"standard","meta":{"footnotes":""},"categories":[3],"tags":[],"class_list":["post-3692","post","type-post","status-publish","format-standard","has-post-thumbnail","hentry","category-notizie"],"yoast_head":"<!-- This site is optimized with the Yoast SEO plugin v21.5 - https:\/\/yoast.com\/wordpress\/plugins\/seo\/ -->\r\n<title>Interrogazione comunale su Torre Mininni - Crispianonline.com<\/title>\r\n<meta name=\"robots\" content=\"index, follow, max-snippet:-1, max-image-preview:large, max-video-preview:-1\" \/>\r\n<link rel=\"canonical\" href=\"https:\/\/www.crispianonline.com\/wp\/2010\/07\/interrogazione-comunale-su-torre-mininni\/\" \/>\r\n<meta property=\"og:locale\" content=\"it_IT\" \/>\r\n<meta property=\"og:type\" content=\"article\" \/>\r\n<meta property=\"og:title\" content=\"Interrogazione comunale su Torre Mininni - Crispianonline.com\" \/>\r\n<meta property=\"og:description\" content=\"AL PRESIDENTE DEL CONSIGLIO COMUNALE DI CRISPIANO AL SINDACO DEL COMUNE DI CRISPIANO OGGETTO: Interrogazione comunale, ai sensi del vigente regolamento, con risposta orale al primo Consiglio Comunale utile, proposta dal Capogruppo PDL Michelangelo SERIO su Torre Mininni. E\u2019 da svariati giorni che personale dipendente di questo Ente pare impiegato in attivit\u00e0 lavorativa (pulizie, lavori [&hellip;]\" \/>\r\n<meta property=\"og:url\" content=\"https:\/\/www.crispianonline.com\/wp\/2010\/07\/interrogazione-comunale-su-torre-mininni\/\" \/>\r\n<meta property=\"og:site_name\" content=\"Crispianonline.com\" \/>\r\n<meta property=\"article:publisher\" content=\"https:\/\/www.facebook.com\/crispianonline.redazione\" \/>\r\n<meta property=\"article:published_time\" content=\"2010-07-26T19:48:00+00:00\" \/>\r\n<meta property=\"article:modified_time\" content=\"2017-12-10T13:17:01+00:00\" \/>\r\n<meta property=\"og:image\" content=\"https:\/\/www.crispianonline.com\/wp\/wp-content\/uploads\/2017\/12\/TEMP_100726214511_01.jpg\" \/>\r\n\t<meta property=\"og:image:width\" content=\"720\" \/>\r\n\t<meta property=\"og:image:height\" content=\"480\" \/>\r\n\t<meta property=\"og:image:type\" content=\"image\/jpeg\" \/>\r\n<meta name=\"author\" content=\"antonio.massafra\" \/>\r\n<meta name=\"twitter:card\" content=\"summary_large_image\" \/>\r\n<meta name=\"twitter:label1\" content=\"Scritto da\" \/>\n\t<meta name=\"twitter:data1\" content=\"antonio.massafra\" \/>\n\t<meta name=\"twitter:label2\" content=\"Tempo di lettura stimato\" \/>\n\t<meta name=\"twitter:data2\" content=\"4 minuti\" \/>\r\n<script type=\"application\/ld+json\" class=\"yoast-schema-graph\">{\"@context\":\"https:\/\/schema.org\",\"@graph\":[{\"@type\":\"Article\",\"@id\":\"https:\/\/www.crispianonline.com\/wp\/2010\/07\/interrogazione-comunale-su-torre-mininni\/#article\",\"isPartOf\":{\"@id\":\"https:\/\/www.crispianonline.com\/wp\/2010\/07\/interrogazione-comunale-su-torre-mininni\/\"},\"author\":{\"name\":\"antonio.massafra\",\"@id\":\"https:\/\/www.crispianonline.com\/wp\/#\/schema\/person\/8cb62d1bf72cf9523671eb650fbc0ccb\"},\"headline\":\"Interrogazione comunale su Torre Mininni\",\"datePublished\":\"2010-07-26T19:48:00+00:00\",\"dateModified\":\"2017-12-10T13:17:01+00:00\",\"mainEntityOfPage\":{\"@id\":\"https:\/\/www.crispianonline.com\/wp\/2010\/07\/interrogazione-comunale-su-torre-mininni\/\"},\"wordCount\":848,\"publisher\":{\"@id\":\"https:\/\/www.crispianonline.com\/wp\/#organization\"},\"articleSection\":[\"notizie\"],\"inLanguage\":\"it-IT\"},{\"@type\":\"WebPage\",\"@id\":\"https:\/\/www.crispianonline.com\/wp\/2010\/07\/interrogazione-comunale-su-torre-mininni\/\",\"url\":\"https:\/\/www.crispianonline.com\/wp\/2010\/07\/interrogazione-comunale-su-torre-mininni\/\",\"name\":\"Interrogazione comunale su Torre Mininni - Crispianonline.com\",\"isPartOf\":{\"@id\":\"https:\/\/www.crispianonline.com\/wp\/#website\"},\"datePublished\":\"2010-07-26T19:48:00+00:00\",\"dateModified\":\"2017-12-10T13:17:01+00:00\",\"breadcrumb\":{\"@id\":\"https:\/\/www.crispianonline.com\/wp\/2010\/07\/interrogazione-comunale-su-torre-mininni\/#breadcrumb\"},\"inLanguage\":\"it-IT\",\"potentialAction\":[{\"@type\":\"ReadAction\",\"target\":[\"https:\/\/www.crispianonline.com\/wp\/2010\/07\/interrogazione-comunale-su-torre-mininni\/\"]}]},{\"@type\":\"BreadcrumbList\",\"@id\":\"https:\/\/www.crispianonline.com\/wp\/2010\/07\/interrogazione-comunale-su-torre-mininni\/#breadcrumb\",\"itemListElement\":[{\"@type\":\"ListItem\",\"position\":1,\"name\":\"Home\",\"item\":\"https:\/\/www.crispianonline.com\/wp\/\"},{\"@type\":\"ListItem\",\"position\":2,\"name\":\"Interrogazione comunale su Torre Mininni\"}]},{\"@type\":\"WebSite\",\"@id\":\"https:\/\/www.crispianonline.com\/wp\/#website\",\"url\":\"https:\/\/www.crispianonline.com\/wp\/\",\"name\":\"Crispianonline.com\",\"description\":\"il sito non ufficiale della tua citt\u00e0\",\"publisher\":{\"@id\":\"https:\/\/www.crispianonline.com\/wp\/#organization\"},\"potentialAction\":[{\"@type\":\"SearchAction\",\"target\":{\"@type\":\"EntryPoint\",\"urlTemplate\":\"https:\/\/www.crispianonline.com\/wp\/?s={search_term_string}\"},\"query-input\":\"required name=search_term_string\"}],\"inLanguage\":\"it-IT\"},{\"@type\":\"Organization\",\"@id\":\"https:\/\/www.crispianonline.com\/wp\/#organization\",\"name\":\"crispianonline\",\"url\":\"https:\/\/www.crispianonline.com\/wp\/\",\"logo\":{\"@type\":\"ImageObject\",\"inLanguage\":\"it-IT\",\"@id\":\"https:\/\/www.crispianonline.com\/wp\/#\/schema\/logo\/image\/\",\"url\":\"https:\/\/www.crispianonline.com\/wp\/wp-content\/uploads\/2017\/12\/Crispianonline04-300.40.png\",\"contentUrl\":\"https:\/\/www.crispianonline.com\/wp\/wp-content\/uploads\/2017\/12\/Crispianonline04-300.40.png\",\"width\":300,\"height\":31,\"caption\":\"crispianonline\"},\"image\":{\"@id\":\"https:\/\/www.crispianonline.com\/wp\/#\/schema\/logo\/image\/\"},\"sameAs\":[\"https:\/\/www.facebook.com\/crispianonline.redazione\"]},{\"@type\":\"Person\",\"@id\":\"https:\/\/www.crispianonline.com\/wp\/#\/schema\/person\/8cb62d1bf72cf9523671eb650fbc0ccb\",\"name\":\"antonio.massafra\",\"image\":{\"@type\":\"ImageObject\",\"inLanguage\":\"it-IT\",\"@id\":\"https:\/\/www.crispianonline.com\/wp\/#\/schema\/person\/image\/\",\"url\":\"https:\/\/secure.gravatar.com\/avatar\/5799185820c6e3f7e6a6984c11314d83b06e20e50ee0fcae0063a1ecb2b17029?s=96&d=mm&r=g\",\"contentUrl\":\"https:\/\/secure.gravatar.com\/avatar\/5799185820c6e3f7e6a6984c11314d83b06e20e50ee0fcae0063a1ecb2b17029?s=96&d=mm&r=g\",\"caption\":\"antonio.massafra\"}}]}<\/script>\r\n<!-- \/ Yoast SEO plugin. -->","yoast_head_json":{"title":"Interrogazione comunale su Torre Mininni - Crispianonline.com","robots":{"index":"index","follow":"follow","max-snippet":"max-snippet:-1","max-image-preview":"max-image-preview:large","max-video-preview":"max-video-preview:-1"},"canonical":"https:\/\/www.crispianonline.com\/wp\/2010\/07\/interrogazione-comunale-su-torre-mininni\/","og_locale":"it_IT","og_type":"article","og_title":"Interrogazione comunale su Torre Mininni - Crispianonline.com","og_description":"AL PRESIDENTE DEL CONSIGLIO COMUNALE DI CRISPIANO AL SINDACO DEL COMUNE DI CRISPIANO OGGETTO: Interrogazione comunale, ai sensi del vigente regolamento, con risposta orale al primo Consiglio Comunale utile, proposta dal Capogruppo PDL Michelangelo SERIO su Torre Mininni. E\u2019 da svariati giorni che personale dipendente di questo Ente pare impiegato in attivit\u00e0 lavorativa (pulizie, lavori [&hellip;]","og_url":"https:\/\/www.crispianonline.com\/wp\/2010\/07\/interrogazione-comunale-su-torre-mininni\/","og_site_name":"Crispianonline.com","article_publisher":"https:\/\/www.facebook.com\/crispianonline.redazione","article_published_time":"2010-07-26T19:48:00+00:00","article_modified_time":"2017-12-10T13:17:01+00:00","og_image":[{"width":720,"height":480,"url":"https:\/\/www.crispianonline.com\/wp\/wp-content\/uploads\/2017\/12\/TEMP_100726214511_01.jpg","type":"image\/jpeg"}],"author":"antonio.massafra","twitter_card":"summary_large_image","twitter_misc":{"Scritto da":"antonio.massafra","Tempo di lettura stimato":"4 minuti"},"schema":{"@context":"https:\/\/schema.org","@graph":[{"@type":"Article","@id":"https:\/\/www.crispianonline.com\/wp\/2010\/07\/interrogazione-comunale-su-torre-mininni\/#article","isPartOf":{"@id":"https:\/\/www.crispianonline.com\/wp\/2010\/07\/interrogazione-comunale-su-torre-mininni\/"},"author":{"name":"antonio.massafra","@id":"https:\/\/www.crispianonline.com\/wp\/#\/schema\/person\/8cb62d1bf72cf9523671eb650fbc0ccb"},"headline":"Interrogazione comunale su Torre Mininni","datePublished":"2010-07-26T19:48:00+00:00","dateModified":"2017-12-10T13:17:01+00:00","mainEntityOfPage":{"@id":"https:\/\/www.crispianonline.com\/wp\/2010\/07\/interrogazione-comunale-su-torre-mininni\/"},"wordCount":848,"publisher":{"@id":"https:\/\/www.crispianonline.com\/wp\/#organization"},"articleSection":["notizie"],"inLanguage":"it-IT"},{"@type":"WebPage","@id":"https:\/\/www.crispianonline.com\/wp\/2010\/07\/interrogazione-comunale-su-torre-mininni\/","url":"https:\/\/www.crispianonline.com\/wp\/2010\/07\/interrogazione-comunale-su-torre-mininni\/","name":"Interrogazione comunale su Torre Mininni - Crispianonline.com","isPartOf":{"@id":"https:\/\/www.crispianonline.com\/wp\/#website"},"datePublished":"2010-07-26T19:48:00+00:00","dateModified":"2017-12-10T13:17:01+00:00","breadcrumb":{"@id":"https:\/\/www.crispianonline.com\/wp\/2010\/07\/interrogazione-comunale-su-torre-mininni\/#breadcrumb"},"inLanguage":"it-IT","potentialAction":[{"@type":"ReadAction","target":["https:\/\/www.crispianonline.com\/wp\/2010\/07\/interrogazione-comunale-su-torre-mininni\/"]}]},{"@type":"BreadcrumbList","@id":"https:\/\/www.crispianonline.com\/wp\/2010\/07\/interrogazione-comunale-su-torre-mininni\/#breadcrumb","itemListElement":[{"@type":"ListItem","position":1,"name":"Home","item":"https:\/\/www.crispianonline.com\/wp\/"},{"@type":"ListItem","position":2,"name":"Interrogazione comunale su Torre Mininni"}]},{"@type":"WebSite","@id":"https:\/\/www.crispianonline.com\/wp\/#website","url":"https:\/\/www.crispianonline.com\/wp\/","name":"Crispianonline.com","description":"il sito non ufficiale della tua citt\u00e0","publisher":{"@id":"https:\/\/www.crispianonline.com\/wp\/#organization"},"potentialAction":[{"@type":"SearchAction","target":{"@type":"EntryPoint","urlTemplate":"https:\/\/www.crispianonline.com\/wp\/?s={search_term_string}"},"query-input":"required name=search_term_string"}],"inLanguage":"it-IT"},{"@type":"Organization","@id":"https:\/\/www.crispianonline.com\/wp\/#organization","name":"crispianonline","url":"https:\/\/www.crispianonline.com\/wp\/","logo":{"@type":"ImageObject","inLanguage":"it-IT","@id":"https:\/\/www.crispianonline.com\/wp\/#\/schema\/logo\/image\/","url":"https:\/\/www.crispianonline.com\/wp\/wp-content\/uploads\/2017\/12\/Crispianonline04-300.40.png","contentUrl":"https:\/\/www.crispianonline.com\/wp\/wp-content\/uploads\/2017\/12\/Crispianonline04-300.40.png","width":300,"height":31,"caption":"crispianonline"},"image":{"@id":"https:\/\/www.crispianonline.com\/wp\/#\/schema\/logo\/image\/"},"sameAs":["https:\/\/www.facebook.com\/crispianonline.redazione"]},{"@type":"Person","@id":"https:\/\/www.crispianonline.com\/wp\/#\/schema\/person\/8cb62d1bf72cf9523671eb650fbc0ccb","name":"antonio.massafra","image":{"@type":"ImageObject","inLanguage":"it-IT","@id":"https:\/\/www.crispianonline.com\/wp\/#\/schema\/person\/image\/","url":"https:\/\/secure.gravatar.com\/avatar\/5799185820c6e3f7e6a6984c11314d83b06e20e50ee0fcae0063a1ecb2b17029?s=96&d=mm&r=g","contentUrl":"https:\/\/secure.gravatar.com\/avatar\/5799185820c6e3f7e6a6984c11314d83b06e20e50ee0fcae0063a1ecb2b17029?s=96&d=mm&r=g","caption":"antonio.massafra"}}]}},"_links":{"self":[{"href":"https:\/\/www.crispianonline.com\/wp\/wp-json\/wp\/v2\/posts\/3692","targetHints":{"allow":["GET"]}}],"collection":[{"href":"https:\/\/www.crispianonline.com\/wp\/wp-json\/wp\/v2\/posts"}],"about":[{"href":"https:\/\/www.crispianonline.com\/wp\/wp-json\/wp\/v2\/types\/post"}],"author":[{"embeddable":true,"href":"https:\/\/www.crispianonline.com\/wp\/wp-json\/wp\/v2\/users\/1"}],"replies":[{"embeddable":true,"href":"https:\/\/www.crispianonline.com\/wp\/wp-json\/wp\/v2\/comments?post=3692"}],"version-history":[{"count":0,"href":"https:\/\/www.crispianonline.com\/wp\/wp-json\/wp\/v2\/posts\/3692\/revisions"}],"wp:featuredmedia":[{"embeddable":true,"href":"https:\/\/www.crispianonline.com\/wp\/wp-json\/wp\/v2\/media\/3693"}],"wp:attachment":[{"href":"https:\/\/www.crispianonline.com\/wp\/wp-json\/wp\/v2\/media?parent=3692"}],"wp:term":[{"taxonomy":"category","embeddable":true,"href":"https:\/\/www.crispianonline.com\/wp\/wp-json\/wp\/v2\/categories?post=3692"},{"taxonomy":"post_tag","embeddable":true,"href":"https:\/\/www.crispianonline.com\/wp\/wp-json\/wp\/v2\/tags?post=3692"}],"curies":[{"name":"wp","href":"https:\/\/api.w.org\/{rel}","templated":true}]}}